{"id":63853,"date":"2026-04-29T13:30:56","date_gmt":"2026-04-29T11:30:56","guid":{"rendered":"https:\/\/andanafoto.com\/?p=63853"},"modified":"2026-04-29T14:35:50","modified_gmt":"2026-04-29T12:35:50","slug":"scientific-evidence-photography-as-a-tool-for-personal-development","status":"publish","type":"post","link":"https:\/\/andanafoto.com\/en\/scientific-evidence-photography-as-a-tool-for-personal-development\/","title":{"rendered":"Scientific Evidence: Photography as a Tool for Personal Development"},"content":{"rendered":"<p><span style=\"font-family: verdana, geneva, sans-serif; font-size: 12pt;\">For years, it has been sensed that photographs hold a transformative power: looking at an old photo or taking a new one, pausing to observe, can open the door to deep emotions and meanings. However, until recently, scientific evidence supporting the use of photography for therapeutic and self-knowledge purposes was scarce.<\/span><\/p>\n<p><span style=\"font-family: verdana, geneva, sans-serif; font-size: 12pt;\">Now, a newly published study confirms what many of us already knew.<\/span><\/p>\n<p>&nbsp;<\/p>\n<p><span style=\"font-family: verdana, geneva, sans-serif; font-size: 12pt;\">It is the systematic review \u201c<strong>Therapeutic Photography and Narrative Therapy \u2013 A Systematic Review<\/strong>\u201d by Bebiana Silva, Lu\u00edsa Soares, and Paula Alves (Journal of Poetry Therapy, 2026), which gathers and analyzes 47 studies on how images\u2014when integrated with personal storytelling methods\u2014can promote psychological well-being, self-reflection, and the reorganization of painful experiences.<\/span><\/p>\n<p><span style=\"font-family: verdana, geneva, sans-serif; font-size: 12pt;\">This type of research not only provides evidence but also connects with well-established therapeutic models that have long been applied in psychology. In particular, they directly align with narrative therapy and contextual approaches such as Acceptance and Commitment Therapy, where the goal is not to eliminate discomfort but to transform the relationship we have with our internal experience.<\/span><\/p>\n<p>&nbsp;<\/p>\n<p><strong><span style=\"font-family: verdana, geneva, sans-serif; font-size: 12pt;\">How is \u201ctherapeutic photography\u201d used?<\/span><\/strong><\/p>\n<p><span style=\"font-family: verdana, geneva, sans-serif; font-size: 12pt;\">Unlike clinical phototherapy applied by professionals, therapeutic photography can be practiced autonomously. Anyone can carry out their own personal work. It consists of using the camera (or mobile phone) as a mirror and symbolic tool:<\/span><\/p>\n<ul>\n<li><span style=\"font-family: verdana, geneva, sans-serif; font-size: 12pt;\"><strong>Taking photographs<\/strong> of what represents an emotion, a conflict, or a hope.<\/span><\/li>\n<li><span style=\"font-family: verdana, geneva, sans-serif; font-size: 12pt;\"><strong>Looking at them attentively<\/strong>, allowing memories, associations, and ideas to emerge.<\/span><\/li>\n<li><span style=\"font-family: verdana, geneva, sans-serif; font-size: 12pt;\"><strong>Accompanying them with words or stories<\/strong> that help build meaning and new perspectives.<\/span><\/li>\n<\/ul>\n<p><span style=\"font-family: verdana, geneva, sans-serif; font-size: 12pt;\">According to the study, when combined with narrative therapy\u2014an approach that helps reframe our personal story\u2014photography becomes a powerful catalyst for change. Images act as visual \u201canchors\u201d that shape new narratives: they allow problems to be externalized, observed from a distance, and rewritten from a different emotional position.<\/span><\/p>\n<p><span style=\"font-family: verdana, geneva, sans-serif; font-size: 12pt;\">From psychological practice, this process of externalization is key: when an emotion or experience becomes an image, it is no longer only \u201cinside\u201d but becomes something that can be observed. This facilitates processes of cognitive defusion (distancing from thoughts), acceptance (making space for what hurts without avoiding it), and contact with the present moment\u2014all fundamental pillars of Acceptance and Commitment Therapy.<\/span><\/p>\n<p><span style=\"font-family: verdana, geneva, sans-serif; font-size: 12pt;\">Moreover, the simple act of choosing what to photograph already speaks about our values: what we pay attention to, what we decide to frame, preserve, or share reflects what is important to us. In this sense, photography not only shows\u2014it reveals (quite literally).<\/span><\/p>\n<p>&nbsp;<\/p>\n<p><strong><span style=\"font-family: verdana, geneva, sans-serif; font-size: 12pt;\">What the research shows<\/span><\/strong><\/p>\n<p><span style=\"font-family: verdana, geneva, sans-serif; font-size: 12pt;\">The team of Silva, Soares, and Alves found improvements in individuals who participated in interventions combining photography and narrative.<\/span><\/p>\n<p><span style=\"font-family: verdana, geneva, sans-serif; font-size: 12pt;\">Among the main benefits are:<\/span><\/p>\n<ul>\n<li><span style=\"font-family: verdana, geneva, sans-serif; font-size: 12pt;\"><strong>Greater self-knowledge<\/strong> and access to emotional memories.<\/span><\/li>\n<li><span style=\"font-family: verdana, geneva, sans-serif; font-size: 12pt;\"><strong>Mental reorganization of painful experiences<\/strong> (such as grief, trauma, or anxiety).<\/span><\/li>\n<li><span style=\"font-family: verdana, geneva, sans-serif; font-size: 12pt;\"><strong>Increased self-esteem and personal agency<\/strong> when narrating one\u2019s own visual story.<\/span><\/li>\n<li><span style=\"font-family: verdana, geneva, sans-serif; font-size: 12pt;\"><strong>Improved emotional expression and empathy<\/strong> in group contexts.<\/span><\/li>\n<\/ul>\n<p>&nbsp;<\/p>\n<p><span style=\"font-family: verdana, geneva, sans-serif; font-size: 12pt;\">Applications are wide-ranging: from grief and eating disorders to educational programs, prisons, and elderly care homes. An interesting detail: even everyday photography on social media can take on a therapeutic dimension if accompanied by conscious reflection on the meaning of what is shown or hidden.<\/span><\/p>\n<p><span style=\"font-family: verdana, geneva, sans-serif; font-size: 12pt;\">This point is especially relevant today: we live in a constant visual culture, but not always a conscious one. Incorporating a reflective gaze transforms an everyday act into a practice of self-knowledge. It is not about producing more images, but about relating to them in a different way.<\/span><\/p>\n<p><span style=\"font-family: verdana, geneva, sans-serif; font-size: 12pt;\">In the field of contemporary art, many photographers have explored precisely this dimension: the image as a space of identity, memory, and transformation. Artists such as Nan Goldin have worked from emotional intimacy; Francesca Woodman explored identity and presence; Sophie Calle has linked image, narrative, and personal life; and Rineke Dijkstra has investigated the construction of the self at different life stages. All of them, through different languages, show how photography can be a tool for deep psychological exploration.<\/span><\/p>\n<p><span style=\"font-family: verdana, geneva, sans-serif; font-size: 12pt;\">As Dorothea Lange pointed out, photography not only documents but teaches us how to look. And in that learning of the gaze lies the possibility of understanding ourselves in a different way.<\/span><\/p>\n<p>&nbsp;<\/p>\n<p><img loading=\"lazy\" decoding=\"async\" class=\"wp-image-63847 size-large aligncenter\" src=\"https:\/\/andanafoto.com\/wp-content\/uploads\/2026\/04\/Evidencia-cientifica-La-fotografia-como-herramienta-de-desarrollo-personal-920x1024.jpg\" alt=\"\" width=\"920\" height=\"1024\" srcset=\"https:\/\/andanafoto.com\/wp-content\/uploads\/2026\/04\/Evidencia-cientifica-La-fotografia-como-herramienta-de-desarrollo-personal-920x1024.jpg 920w, https:\/\/andanafoto.com\/wp-content\/uploads\/2026\/04\/Evidencia-cientifica-La-fotografia-como-herramienta-de-desarrollo-personal-269x300.jpg 269w, https:\/\/andanafoto.com\/wp-content\/uploads\/2026\/04\/Evidencia-cientifica-La-fotografia-como-herramienta-de-desarrollo-personal-768x855.jpg 768w, https:\/\/andanafoto.com\/wp-content\/uploads\/2026\/04\/Evidencia-cientifica-La-fotografia-como-herramienta-de-desarrollo-personal-1380x1536.jpg 1380w, https:\/\/andanafoto.com\/wp-content\/uploads\/2026\/04\/Evidencia-cientifica-La-fotografia-como-herramienta-de-desarrollo-personal.jpg 1437w\" sizes=\"auto, (max-width: 920px) 100vw, 920px\" \/><\/p>\n<p>&nbsp;<\/p>\n<p>&nbsp;<\/p>\n<p><strong><span style=\"font-family: verdana, geneva, sans-serif; font-size: 12pt;\">How can you use photography for your personal development?<\/span><\/strong><\/p>\n<p><span style=\"font-family: verdana, geneva, sans-serif; font-size: 12pt;\">Without needing to be a therapist or an artist, you can incorporate this tool into your personal life. Some ideas inspired by this study:<\/span><\/p>\n<ul>\n<li><span style=\"font-family: verdana, geneva, sans-serif; font-size: 12pt;\"><strong>Photograph your day with intention<\/strong>. Choose three moments that represent how you feel today. Then look at them and name them: \u201cthis calms me,\u201d \u201cthis weighs on me,\u201d \u201cthis drives me.\u201d<\/span><\/li>\n<li><span style=\"font-family: verdana, geneva, sans-serif; font-size: 12pt;\"><strong>Create a symbolic self-portrait<\/strong>. It doesn\u2019t have to show your face: it can be an object, a place, or a light that speaks about you.<\/span><\/li>\n<li><span style=\"font-family: verdana, geneva, sans-serif; font-size: 12pt;\"><strong>Create a series of \u201cgratitude photographs.\u201d<\/strong> Capture weekly what you value in your life.<\/span><br \/>\n<span style=\"font-family: verdana, geneva, sans-serif; font-size: 12pt;\">Review your family album. Observe what emotions arise and which narratives you want to preserve or rewrite.<\/span><\/li>\n<\/ul>\n<p>&nbsp;<\/p>\n<p><span style=\"font-family: verdana, geneva, sans-serif; font-size: 12pt;\">To these proposals we can add a key insight from psychology: it\u2019s not only about taking the photograph, but about pausing afterward. Observing it, writing about it, asking what it says about oneself. It is in that space of pause where the therapeutic process truly begins.<\/span><\/p>\n<p><span style=\"font-family: verdana, geneva, sans-serif; font-size: 12pt;\">What matters is not the technique, but the internal dialogue and awareness that are activated.<\/span><\/p>\n<p><span style=\"font-family: verdana, geneva, sans-serif; font-size: 12pt;\">The work of Silva, Soares, and Alves confirms something that artistic practice and human intuition already knew:<\/span><\/p>\n<p>&nbsp;<\/p>\n<blockquote><p><span style=\"font-family: verdana, geneva, sans-serif; font-size: 12pt;\">For the photographer, an image can be the end of a project.<\/span><br \/>\n<span style=\"font-family: verdana, geneva, sans-serif; font-size: 12pt;\">For self-knowledge, the image is the beginning of a transformation.<\/span><\/p><\/blockquote>\n<p>&nbsp;<\/p>\n<p><span style=\"font-family: verdana, geneva, sans-serif; font-size: 12pt;\">When that image is observed, named, and integrated into a personal narrative, it ceases to be a simple record and becomes a tool for change. Not because it alters the past, but because it transforms the way we relate to it.<\/span><\/p>\n<p><span style=\"font-family: verdana, geneva, sans-serif; font-size: 12pt;\">At ANDANA, we can guide and accompany you through the process. Choose one of our learning experiences, get yourself a beautiful notebook, and prepare to look at yourself as if for the very first time.<\/span><\/p>\n<p><span style=\"font-family: verdana, geneva, sans-serif; font-size: 12pt;\">Happy discovering,<\/span><\/p>\n<p><span style=\"font-family: verdana, geneva, sans-serif; font-size: 12pt;\">Reference: Silva, B., Soares, L., &amp; Alves, P. (2026). Therapeutic photography and narrative therapy \u2013 A systematic review. Journal of Poetry Therapy.<\/span><\/p>\n<p><span style=\"font-family: verdana, geneva, sans-serif;\"><a href=\"https:\/\/doi.org\/10.1080\/08893675.2026.2612717\" data-start=\"6540\" data-end=\"6585\" data-is-last-node=\"\">https:\/\/doi.org\/10.1080\/08893675.2026.2612717<\/a><\/span><\/p>\n<p>&nbsp;<\/p>\n<p data-start=\"6388\" data-end=\"6585\" data-is-last-node=\"\" data-is-only-node=\"\"><span style=\"font-family: verdana, geneva, sans-serif;\"><div class=\"wpcp\"><style>\r\n  \/* Estilos por idioma *\/\r\n  :lang(es) .texto-es {\r\n    display: block;\r\n  }\r\n  :lang(es) .texto-en {\r\n    display: none;\r\n  }\r\n  :lang(en) .texto-es {\r\n    display: none;\r\n  }\r\n  :lang(en) .texto-en {\r\n    display: block;\r\n  }\r\n<\/style>\r\n\r\n<!-- Texto en espa\u00f1ol -->\r\n<div class=\"texto-es\">\r\n  <p><svg xmlns=\"http:\/\/www.w3.org\/2000\/svg\" height=\"20\" width=\"17.5\" viewBox=\"0 0 448 512\"><path fill=\"#618a96\" d=\"M448 296c0 66.3-53.7 120-120 120l-8 0c-17.7 0-32-14.3-32-32s14.3-32 32-32l8 0c30.9 0 56-25.1 56-56l0-8-64 0c-35.3 0-64-28.7-64-64l0-64c0-35.3 28.7-64 64-64l64 0c35.3 0 64 28.7 64 64l0 32 0 32 0 72zm-256 0c0 66.3-53.7 120-120 120l-8 0c-17.7 0-32-14.3-32-32s14.3-32 32-32l8 0c30.9 0 56-25.1 56-56l0-8-64 0c-35.3 0-64-28.7-64-64l0-64c0-35.3 28.7-64 64-64l64 0c35.3 0 64 28.7 64 64l0 32 0 32 0 72z\" \/><\/svg>  <strong><span style=\"color: #618a96\">C\u00f3mo citar este art\u00edculo<\/span><\/strong><br>\r\n<br>\r\nAl citar, reconoces el trabajo original, evitas problemas de plagio y permites acceder a las fuentes originales para obtener m\u00e1s informaci\u00f3n o verificar datos. Aseg\u00farate siempre de dar cr\u00e9dito y de citar de forma adecuada.\r\n<\/p>\r\n<\/div>\r\n<!-- Texto en ingl\u00e9s -->\r\n<div class=\"texto-en\">\r\n  <p><svg xmlns=\"http:\/\/www.w3.org\/2000\/svg\" height=\"20\" width=\"17.5\" viewBox=\"0 0 448 512\"><path fill=\"#618a96\" d=\"M448 296c0 66.3-53.7 120-120 120l-8 0c-17.7 0-32-14.3-32-32s14.3-32 32-32l8 0c30.9 0 56-25.1 56-56l0-8-64 0c-35.3 0-64-28.7-64-64l0-64c0-35.3 28.7-64 64-64l64 0c35.3 0 64 28.7 64 64l0 32 0 32 0 72zm-256 0c0 66.3-53.7 120-120 120l-8 0c-17.7 0-32-14.3-32-32s14.3-32 32-32l8 0c30.9 0 56-25.1 56-56l0-8-64 0c-35.3 0-64-28.7-64-64l0-64c0-35.3 28.7-64 64-64l64 0c35.3 0 64 28.7 64 64l0 32 0 32 0 72z\" \/><\/svg>  <strong><span style=\"color: #618a96\">How to cite this article<\/span><\/strong><br>\r\n<br>\r\nBy citing an article, you acknowledge the original work, avoid plagiarism issues, and allow access to the original sources for further information or data verification. Make sure to always give credit and cite appropriately.\r\n<\/p>\r\n<\/div>\r\n<br>\r\nAmparo Mu\u00f1oz Morell\u00e0. (April 29, 2026). \"Scientific Evidence: Photography as a Tool for Personal Development\". ANDANAfoto.com. | <a href=\"https:\/\/andanafoto.com\/en\/scientific-evidence-photography-as-a-tool-for-personal-development\/\">https:\/\/andanafoto.com\/en\/scientific-evidence-photography-as-a-tool-for-personal-development\/<\/a>.\r\n<\/div><\/span><\/p>\n<p data-start=\"6388\" data-end=\"6585\" data-is-last-node=\"\" data-is-only-node=\"\">\n<p data-start=\"6388\" data-end=\"6585\" data-is-last-node=\"\" data-is-only-node=\"\">\n","protected":false},"excerpt":{"rendered":"<p>Now, a newly published study confirms what many people already knew. Photographs have a transformative power.<\/p>\n","protected":false},"author":74,"featured_media":63852,"comment_status":"open","ping_status":"closed","sticky":false,"template":"template-microsite.php","format":"standard","meta":{"episode_type":"","audio_file":"","podmotor_file_id":"","podmotor_episode_id":"","cover_image":"","cover_image_id":"","duration":"","filesize":"","filesize_raw":"","date_recorded":"","explicit":"","block":"","itunes_episode_number":"","itunes_title":"","itunes_season_number":"","itunes_episode_type":"","footnotes":""},"categories":[566,607,605,606,494],"tags":[],"class_list":["post-63853","post","type-post","status-publish","format-standard","has-post-thumbnail","hentry","category-blog-en","category-mental-health","category-neurocience","category-psicology","category-therapeutic-photography","category-566","category-607","category-605","category-606","category-494","description-off"],"_links":{"self":[{"href":"https:\/\/andanafoto.com\/en\/wp-json\/wp\/v2\/posts\/63853","targetHints":{"allow":["GET"]}}],"collection":[{"href":"https:\/\/andanafoto.com\/en\/wp-json\/wp\/v2\/posts"}],"about":[{"href":"https:\/\/andanafoto.com\/en\/wp-json\/wp\/v2\/types\/post"}],"author":[{"embeddable":true,"href":"https:\/\/andanafoto.com\/en\/wp-json\/wp\/v2\/users\/74"}],"replies":[{"embeddable":true,"href":"https:\/\/andanafoto.com\/en\/wp-json\/wp\/v2\/comments?post=63853"}],"version-history":[{"count":10,"href":"https:\/\/andanafoto.com\/en\/wp-json\/wp\/v2\/posts\/63853\/revisions"}],"predecessor-version":[{"id":63865,"href":"https:\/\/andanafoto.com\/en\/wp-json\/wp\/v2\/posts\/63853\/revisions\/63865"}],"wp:featuredmedia":[{"embeddable":true,"href":"https:\/\/andanafoto.com\/en\/wp-json\/wp\/v2\/media\/63852"}],"wp:attachment":[{"href":"https:\/\/andanafoto.com\/en\/wp-json\/wp\/v2\/media?parent=63853"}],"wp:term":[{"taxonomy":"category","embeddable":true,"href":"https:\/\/andanafoto.com\/en\/wp-json\/wp\/v2\/categories?post=63853"},{"taxonomy":"post_tag","embeddable":true,"href":"https:\/\/andanafoto.com\/en\/wp-json\/wp\/v2\/tags?post=63853"}],"curies":[{"name":"wp","href":"https:\/\/api.w.org\/{rel}","templated":true}]}}