{"id":63760,"date":"2026-04-23T12:52:26","date_gmt":"2026-04-23T10:52:26","guid":{"rendered":"https:\/\/andanafoto.com\/?p=63760"},"modified":"2026-04-24T00:12:10","modified_gmt":"2026-04-23T22:12:10","slug":"bio-informational-theory-the-image-we-feel","status":"publish","type":"post","link":"https:\/\/andanafoto.com\/en\/bio-informational-theory-the-image-we-feel\/","title":{"rendered":"Bio-informational theory. The image we feel."},"content":{"rendered":"<div class=\"wpb-content-wrapper\"><p>[vc_row][vc_column][vc_column_text css=&#8221;&#8221;]<span style=\"font-family: verdana, geneva, sans-serif; font-size: 12pt;\">Have you ever wondered why certain images keep repeating in your mind long after you\u2019ve seen them? Why can a photograph take you back to a place, an emotion, or a part of yourself you thought you had forgotten? What really happens when an image impacts you?<\/span><\/p>\n<p><span style=\"font-family: verdana, geneva, sans-serif; font-size: 12pt;\">Perhaps it\u2019s not only about what you see, but about what is activated within you. As bio-informational theory suggests, images are not mere representations: they are gateways that connect to deep networks of memory, emotion, and personal meaning, capable of making what has been lived \u2014or even imagined\u2014 feel as if it were happening right now.<\/span><\/p>\n<p><span style=\"font-family: verdana, geneva, sans-serif; font-size: 12pt;\">There is something we know, even if we can\u2019t always explain it: images affect us. A photograph can move us, unsettle us, or even stir something deep within without us fully understanding why.<\/span><\/p>\n<p><span style=\"font-family: verdana, geneva, sans-serif; font-size: 12pt;\">From a psychological perspective, this makes sense: images are not only processed as visual information, but also activate networks of memory, emotion, and personal meaning. Roland Barthes called punctum that detail within an image that \u201cpierces\u201d us unexpectedly. We could understand it as the element that connects directly with our personal history, triggering an immediate emotional response. It is not so much what the image shows, but what it awakens within us: memories, sensations, associations. That is why two people can look at the same photograph and feel completely different things.<\/span><\/p>\n<p>&nbsp;<\/p>\n<p><span style=\"font-family: verdana, geneva, sans-serif; font-size: 12pt;\"><img loading=\"lazy\" decoding=\"async\" class=\"alignnone wp-image-63739 size-full\" src=\"https:\/\/andanafoto.com\/wp-content\/uploads\/2026\/04\/Teoria-bio-informacional-La-imagen-que-sentimos.jpg\" alt=\"\" width=\"1600\" height=\"1066\" srcset=\"https:\/\/andanafoto.com\/wp-content\/uploads\/2026\/04\/Teoria-bio-informacional-La-imagen-que-sentimos.jpg 1600w, https:\/\/andanafoto.com\/wp-content\/uploads\/2026\/04\/Teoria-bio-informacional-La-imagen-que-sentimos-300x200.jpg 300w, https:\/\/andanafoto.com\/wp-content\/uploads\/2026\/04\/Teoria-bio-informacional-La-imagen-que-sentimos-1024x682.jpg 1024w, https:\/\/andanafoto.com\/wp-content\/uploads\/2026\/04\/Teoria-bio-informacional-La-imagen-que-sentimos-768x512.jpg 768w, https:\/\/andanafoto.com\/wp-content\/uploads\/2026\/04\/Teoria-bio-informacional-La-imagen-que-sentimos-1536x1023.jpg 1536w\" sizes=\"auto, (max-width: 1600px) 100vw, 1600px\" \/><\/span><\/p>\n<p>&nbsp;<\/p>\n<p><span style=\"font-family: verdana, geneva, sans-serif; font-size: 12pt;\">No coincidence. Psychology has been studying this phenomenon for decades, and the work of Peter Lang (1977) offers us an essential key to understanding it.<\/span><\/p>\n<p><span style=\"font-family: verdana, geneva, sans-serif; font-size: 12pt;\">Lang proposed that images\u2014even when they are not in front of our eyes\u2014have the ability to activate within us a complex network of emotional information. It is not only about \u201cseeing\u201d something in the mind. When we imagine a scene, bodily sensations, automatic responses, and personal meanings are also activated. In other words, <strong>an image is not just an image: it can become a whole experience.<\/strong><\/span><\/p>\n<p><span style=\"font-family: verdana, geneva, sans-serif; font-size: 12pt;\">This idea, known as <strong>bio-informational theory<\/strong>, suggests that fear, for example, is not stored in memory as a simple recollection, but as a network that includes what happened, how we experienced it in the body, and the meaning we gave it. That is why, when something activates that network\u2014whether it is a memory, an imagined scene, or an external image\u2014the emotion reappears with intensity.<\/span><\/p>\n<p><span style=\"font-family: verdana, geneva, sans-serif; font-size: 12pt;\">This is where photography acquires a particularly interesting dimension.<\/span><\/p>\n<p><span style=\"font-family: verdana, geneva, sans-serif; font-size: 12pt;\">Although Lang focused on imagination, later research has shown that imagining and perceiving share similar processes in the brain. In other words, the body does not fully distinguish between what it sees outside and what it \u201csees\u201d within. <strong>This opens up a powerful possibility: photographic images can activate those same emotional networks.<\/strong><\/span><\/p>\n<p><span style=\"font-family: verdana, geneva, sans-serif; font-size: 12pt;\"><strong>When we look at a photograph that connects us with something meaningful, we are not just observing a visual composition. We are activating memories, sensations, and associations.<\/strong> Perhaps a gesture reminds us of someone, a light takes us back to a lived place, or a scene awakens an emotion we thought we had forgotten. The image acts as a bridge between the visible and the invisible.<\/span><\/p>\n<p><span style=\"font-family: verdana, geneva, sans-serif; font-size: 12pt;\">From this perspective, photography ceases to be merely an aesthetic object and becomes <strong>a tool for accessing the inner world<\/strong>. It can help us approach what we feel, recognize emotions, and, in some cases, transform them.<\/span><\/p>\n<p><span style=\"font-family: verdana, geneva, sans-serif; font-size: 12pt;\">In psychological therapy, techniques such as <strong>imagined exposure<\/strong> rely precisely on this principle: activating an emotion in order to work with it. In this sense, photography could fulfill a similar function, but with an important advantage: it does not require generating the image from scratch. The image is already there, in front of us, facilitating access\u2014a door that only needs to be opened.<\/span><\/p>\n<p><span style=\"font-family: verdana, geneva, sans-serif; font-size: 12pt;\">This does not mean that every image has the same impact. The key lies in the relationship we establish with it. It is not the photograph itself, but what it awakens in the person who looks at it.<\/span><\/p>\n<p><span style=\"font-family: verdana, geneva, sans-serif; font-size: 12pt;\">That is why working with images\u2014whether by creating them or contemplating them\u2014can be a path to self-knowledge. It allows us to observe what moves us, what hurts us, what connects us. To learn to look at our inner imagery, to imagine other possibilities, to regenerate, to narrate, and to transform past experiences.<\/span><\/p>\n<p>&nbsp;<\/p>\n<p><img loading=\"lazy\" decoding=\"async\" class=\"alignnone size-full wp-image-63740\" src=\"https:\/\/andanafoto.com\/wp-content\/uploads\/2026\/04\/Fotografia-y-atencion-temprana-imagenes.jpg\" alt=\"\" width=\"1600\" height=\"913\" srcset=\"https:\/\/andanafoto.com\/wp-content\/uploads\/2026\/04\/Fotografia-y-atencion-temprana-imagenes.jpg 1600w, https:\/\/andanafoto.com\/wp-content\/uploads\/2026\/04\/Fotografia-y-atencion-temprana-imagenes-300x171.jpg 300w, https:\/\/andanafoto.com\/wp-content\/uploads\/2026\/04\/Fotografia-y-atencion-temprana-imagenes-1024x584.jpg 1024w, https:\/\/andanafoto.com\/wp-content\/uploads\/2026\/04\/Fotografia-y-atencion-temprana-imagenes-768x438.jpg 768w, https:\/\/andanafoto.com\/wp-content\/uploads\/2026\/04\/Fotografia-y-atencion-temprana-imagenes-1536x876.jpg 1536w\" sizes=\"auto, (max-width: 1600px) 100vw, 1600px\" \/><\/p>\n<p>&nbsp;<\/p>\n<p><span style=\"font-family: verdana, geneva, sans-serif; font-size: 12pt;\">From this perspective, at ANDANAfoto we understand photography as a starting point. Through photography, we accompany processes of self-knowledge in which what appears in the image is not accidental: it speaks about us, our emotions, and our history.<\/span><\/p>\n<p><span style=\"font-family: verdana, geneva, sans-serif; font-size: 12pt;\">This connects directly with <strong>bio-informational theory<\/strong>: images are not just something we see, but something that activates internal networks where memories, bodily sensations, emotions, and personal meanings intertwine. It is not only about taking photographs, but about using them as a tool to review, understand, and reframe what we experience and who we are. Because when an image touches us, when that punctum appears, it is not just about aesthetics: it is the activation of something deeper. It is a doorway. And crossing it can transform the way we see ourselves\u2026 and the way we inhabit the world.<\/span><\/p>\n<p>&nbsp;<\/p>\n<p>&nbsp;<\/p>\n<p><span style=\"font-family: verdana, geneva, sans-serif; font-size: 12pt;\">References<\/span><\/p>\n<p>&nbsp;<\/p>\n<p><span style=\"font-family: verdana, geneva, sans-serif; font-size: 12pt;\">Lang, P. J. (1977). <em>Imagery in therapy: An information processing analysis of fear<\/em>. <strong>Behavior Therapy, 8<\/strong>(5), 862\u2013886. https:\/\/doi.org\/10.1016\/S0005-7894(77)80157-3<\/span><\/p>\n<p><span style=\"font-family: verdana, geneva, sans-serif; font-size: 12pt;\">Hoppe, J. M. (2021). <em>Emotional mental imagery and the reduction of fear within the mind\u2019s eye<\/em> (Doctoral dissertation, Uppsala University). Acta Universitatis Upsaliensis. <a href=\"https:\/\/urn.kb.se\/resolve?urn=urn:nbn:se:uu:diva-440388\">https:\/\/urn.kb.se\/resolve?urn=urn:nbn:se:uu:diva-440388<\/a><\/span>[\/vc_column_text][\/vc_column][\/vc_row][vc_row][vc_column][vc_empty_space height=&#8221;40&#8243;][vc_column_text]<div class=\"wpcp\"><style>\r\n  \/* Estilos por idioma *\/\r\n  :lang(es) .texto-es {\r\n    display: block;\r\n  }\r\n  :lang(es) .texto-en {\r\n    display: none;\r\n  }\r\n  :lang(en) .texto-es {\r\n    display: none;\r\n  }\r\n  :lang(en) .texto-en {\r\n    display: block;\r\n  }\r\n<\/style>\r\n\r\n<!-- Texto en espa\u00f1ol -->\r\n<div class=\"texto-es\">\r\n  <p><svg xmlns=\"http:\/\/www.w3.org\/2000\/svg\" height=\"20\" width=\"17.5\" viewBox=\"0 0 448 512\"><path fill=\"#618a96\" d=\"M448 296c0 66.3-53.7 120-120 120l-8 0c-17.7 0-32-14.3-32-32s14.3-32 32-32l8 0c30.9 0 56-25.1 56-56l0-8-64 0c-35.3 0-64-28.7-64-64l0-64c0-35.3 28.7-64 64-64l64 0c35.3 0 64 28.7 64 64l0 32 0 32 0 72zm-256 0c0 66.3-53.7 120-120 120l-8 0c-17.7 0-32-14.3-32-32s14.3-32 32-32l8 0c30.9 0 56-25.1 56-56l0-8-64 0c-35.3 0-64-28.7-64-64l0-64c0-35.3 28.7-64 64-64l64 0c35.3 0 64 28.7 64 64l0 32 0 32 0 72z\" \/><\/svg>  <strong><span style=\"color: #618a96\">C\u00f3mo citar este art\u00edculo<\/span><\/strong><br>\r\n<br>\r\nAl citar, reconoces el trabajo original, evitas problemas de plagio y permites acceder a las fuentes originales para obtener m\u00e1s informaci\u00f3n o verificar datos. Aseg\u00farate siempre de dar cr\u00e9dito y de citar de forma adecuada.\r\n<\/p>\r\n<\/div>\r\n<!-- Texto en ingl\u00e9s -->\r\n<div class=\"texto-en\">\r\n  <p><svg xmlns=\"http:\/\/www.w3.org\/2000\/svg\" height=\"20\" width=\"17.5\" viewBox=\"0 0 448 512\"><path fill=\"#618a96\" d=\"M448 296c0 66.3-53.7 120-120 120l-8 0c-17.7 0-32-14.3-32-32s14.3-32 32-32l8 0c30.9 0 56-25.1 56-56l0-8-64 0c-35.3 0-64-28.7-64-64l0-64c0-35.3 28.7-64 64-64l64 0c35.3 0 64 28.7 64 64l0 32 0 32 0 72zm-256 0c0 66.3-53.7 120-120 120l-8 0c-17.7 0-32-14.3-32-32s14.3-32 32-32l8 0c30.9 0 56-25.1 56-56l0-8-64 0c-35.3 0-64-28.7-64-64l0-64c0-35.3 28.7-64 64-64l64 0c35.3 0 64 28.7 64 64l0 32 0 32 0 72z\" \/><\/svg>  <strong><span style=\"color: #618a96\">How to cite this article<\/span><\/strong><br>\r\n<br>\r\nBy citing an article, you acknowledge the original work, avoid plagiarism issues, and allow access to the original sources for further information or data verification. Make sure to always give credit and cite appropriately.\r\n<\/p>\r\n<\/div>\r\n<br>\r\nANDANAfoto. (April 23, 2026). \"Bio-informational theory. The image we feel.\". ANDANAfoto.com. | <a href=\"https:\/\/andanafoto.com\/en\/bio-informational-theory-the-image-we-feel\/\">https:\/\/andanafoto.com\/en\/bio-informational-theory-the-image-we-feel\/<\/a>.\r\n<\/div>[\/vc_column_text][\/vc_column][\/vc_row][vc_row type=&#8221;vc_default&#8221; css=&#8221;.vc_custom_1776941882029{padding-top: 40px !important;padding-bottom: 30px !important;}&#8221;][vc_column][vc_empty_space height=&#8221;40&#8243;][vc_column_text css=&#8221;&#8221;]<span style=\"font-family: verdana, geneva, sans-serif; font-size: 12pt;\">If you\u2019d like to learn more about photography and personal development, I invite you to explore:<\/span>[\/vc_column_text][vc_empty_space height=&#8221;70&#8243;][vc_row_inner][vc_column_inner width=&#8221;2\/12&#8243; css=&#8221;.vc_custom_1629968408906{background-position: center !important;background-repeat: no-repeat !important;background-size: contain !important;}&#8221;][vc_single_image image=&#8221;63774&#8243; img_size=&#8221;full&#8221; alignment=&#8221;center&#8221; onclick=&#8221;custom_link&#8221; css=&#8221;&#8221; link=&#8221;https:\/\/andanafoto.com\/en\/photography-and-mindfulness\/&#8221;][vc_empty_space height=&#8221;20&#8243;][\/vc_column_inner][vc_column_inner width=&#8221;10\/12&#8243;][vc_column_text css=&#8221;&#8221;]<\/p>\n<h3><span style=\"color: #273050;\"><a style=\"color: #273050;\" href=\"https:\/\/andanafoto.com\/en\/photography-and-mindfulness\/\">PHOTOGRAPHY AND MINDFULNESS. Looking with Full Attention.<\/a><\/span><\/h3>\n<p>[\/vc_column_text]<div id=\"ultimate-heading-428369ec518f196c1\" class=\"uvc-heading ult-adjust-bottom-margin ultimate-heading-428369ec518f196c1 uvc-2093  uvc-heading-default-font-sizes\" data-hspacer=\"line_only\"  data-halign=\"left\" style=\"text-align:left\"><div class=\"uvc-heading-spacer line_only\" style=\"topheight:1px;\"><span class=\"uvc-headings-line\" style=\"border-style:solid;border-bottom-width:1px;border-color:#618a96;width:autopx;\"><\/span><\/div><div class=\"uvc-sub-heading ult-responsive\"  data-ultimate-target='.uvc-heading.ultimate-heading-428369ec518f196c1 .uvc-sub-heading '  data-responsive-json-new='{\"font-size\":\"\",\"line-height\":\"desktop:21px;\"}'  style=\"font-weight:normal;color:#273050;margin-top:10px;\">Immerse yourself in a unique experience that combines mindfulness and photography to help you develop a new way of looking at the world.<\/p>\n<p>Learn to slow down, connect with the present moment, and train your visual perception without judgment or expectations.<\/div><\/div>[vc_empty_space height=&#8221;5&#8243;]<style type=\"text\/css\" data-type=\"the7_shortcodes-inline-css\">#default-btn-fe7978a390f569907f6e07f5cb8775fc.ico-right-side > i {\n  margin-right: 0px;\n  margin-left: 8px;\n}\n#default-btn-fe7978a390f569907f6e07f5cb8775fc > i {\n  margin-right: 8px;\n}<\/style><div class=\"btn-align-left\"><a href=\"https:\/\/andanafoto.com\/en\/photography-and-mindfulness\/\" class=\"default-btn-shortcode dt-btn dt-btn-s link-hover-off  vc_custom_1776978420153\" id=\"default-btn-fe7978a390f569907f6e07f5cb8775fc\" title=\"Read More\"><span>Read more<\/span><\/a><\/div>[vc_empty_space height=&#8221;20&#8243;][\/vc_column_inner][\/vc_row_inner][vc_empty_space height=&#8221;40&#8243;][vc_row_inner][vc_column_inner width=&#8221;2\/12&#8243; css=&#8221;.vc_custom_1629968408906{background-position: center !important;background-repeat: no-repeat !important;background-size: contain !important;}&#8221;][vc_single_image image=&#8221;63776&#8243; img_size=&#8221;full&#8221; alignment=&#8221;center&#8221; onclick=&#8221;custom_link&#8221; css=&#8221;&#8221; link=&#8221;https:\/\/andanafoto.com\/en\/online-specialization-course-on-self-knowledge-through-photography\/&#8221;][vc_empty_space height=&#8221;20&#8243;][\/vc_column_inner][vc_column_inner width=&#8221;10\/12&#8243;][vc_column_text css=&#8221;&#8221;]<\/p>\n<h3><span style=\"color: #273050;\"><a style=\"color: #273050;\" href=\"https:\/\/andanafoto.com\/en\/online-specialization-course-on-self-knowledge-through-photography\/\">Online Specialization Course on Self-Knowledge Through Photography<\/a><\/span><\/h3>\n<p>[\/vc_column_text]<div id=\"ultimate-heading-133969ec518f198b2\" class=\"uvc-heading ult-adjust-bottom-margin ultimate-heading-133969ec518f198b2 uvc-4139  uvc-heading-default-font-sizes\" data-hspacer=\"line_only\"  data-halign=\"left\" style=\"text-align:left\"><div class=\"uvc-heading-spacer line_only\" style=\"topheight:1px;\"><span class=\"uvc-headings-line\" style=\"border-style:solid;border-bottom-width:1px;border-color:#618a96;width:autopx;\"><\/span><\/div><div class=\"uvc-sub-heading ult-responsive\"  data-ultimate-target='.uvc-heading.ultimate-heading-133969ec518f198b2 .uvc-sub-heading '  data-responsive-json-new='{\"font-size\":\"\",\"line-height\":\"desktop:21px;\"}'  style=\"font-weight:normal;color:#273050;margin-top:10px;\">This course includes all the necessary tools to learn about and experience photography as a tool for personal transformation, theories, practical content, inspiration, and 26 activities.<\/div><\/div>[vc_empty_space height=&#8221;5&#8243;]<style type=\"text\/css\" data-type=\"the7_shortcodes-inline-css\">#default-btn-ae0c8114f305fc1f4283833d21c1e54c.ico-right-side > i {\n  margin-right: 0px;\n  margin-left: 8px;\n}\n#default-btn-ae0c8114f305fc1f4283833d21c1e54c > i {\n  margin-right: 8px;\n}<\/style><div class=\"btn-align-left\"><a href=\"https:\/\/andanafoto.com\/en\/online-specialization-course-on-self-knowledge-through-photography\/\" class=\"default-btn-shortcode dt-btn dt-btn-s link-hover-off  vc_custom_1776978435233\" id=\"default-btn-ae0c8114f305fc1f4283833d21c1e54c\" title=\"Read more\"><span>Read more<\/span><\/a><\/div>[vc_empty_space height=&#8221;20&#8243;][\/vc_column_inner][\/vc_row_inner][vc_empty_space height=&#8221;20&#8243;][\/vc_column][\/vc_row]<\/p>\n<\/div>","protected":false},"excerpt":{"rendered":"<p>There is something we know, even if we can\u2019t always explain it: images affect us. A photograph can move us, unsettle us, or even stir something deep within without us fully understanding why.<\/p>\n","protected":false},"author":1,"featured_media":63767,"comment_status":"open","ping_status":"closed","sticky":false,"template":"template-microsite.php","format":"standard","meta":{"episode_type":"","audio_file":"","podmotor_file_id":"","podmotor_episode_id":"","cover_image":"","cover_image_id":"","duration":"","filesize":"","filesize_raw":"","date_recorded":"","explicit":"","block":"","itunes_episode_number":"","itunes_title":"","itunes_season_number":"","itunes_episode_type":"","footnotes":""},"categories":[566,607,605,489,606,494],"tags":[],"class_list":["post-63760","post","type-post","status-publish","format-standard","has-post-thumbnail","hentry","category-blog-en","category-mental-health","category-neurocience","category-photographic-project","category-psicology","category-therapeutic-photography","category-566","category-607","category-605","category-489","category-606","category-494","description-off"],"_links":{"self":[{"href":"https:\/\/andanafoto.com\/en\/wp-json\/wp\/v2\/posts\/63760","targetHints":{"allow":["GET"]}}],"collection":[{"href":"https:\/\/andanafoto.com\/en\/wp-json\/wp\/v2\/posts"}],"about":[{"href":"https:\/\/andanafoto.com\/en\/wp-json\/wp\/v2\/types\/post"}],"author":[{"embeddable":true,"href":"https:\/\/andanafoto.com\/en\/wp-json\/wp\/v2\/users\/1"}],"replies":[{"embeddable":true,"href":"https:\/\/andanafoto.com\/en\/wp-json\/wp\/v2\/comments?post=63760"}],"version-history":[{"count":15,"href":"https:\/\/andanafoto.com\/en\/wp-json\/wp\/v2\/posts\/63760\/revisions"}],"predecessor-version":[{"id":63784,"href":"https:\/\/andanafoto.com\/en\/wp-json\/wp\/v2\/posts\/63760\/revisions\/63784"}],"wp:featuredmedia":[{"embeddable":true,"href":"https:\/\/andanafoto.com\/en\/wp-json\/wp\/v2\/media\/63767"}],"wp:attachment":[{"href":"https:\/\/andanafoto.com\/en\/wp-json\/wp\/v2\/media?parent=63760"}],"wp:term":[{"taxonomy":"category","embeddable":true,"href":"https:\/\/andanafoto.com\/en\/wp-json\/wp\/v2\/categories?post=63760"},{"taxonomy":"post_tag","embeddable":true,"href":"https:\/\/andanafoto.com\/en\/wp-json\/wp\/v2\/tags?post=63760"}],"curies":[{"name":"wp","href":"https:\/\/api.w.org\/{rel}","templated":true}]}}