{"id":60508,"date":"2017-03-28T20:17:02","date_gmt":"2017-03-28T18:17:02","guid":{"rendered":"https:\/\/andanafoto.com\/?p=60508"},"modified":"2026-04-21T10:11:16","modified_gmt":"2026-04-21T08:11:16","slug":"andana-pioneering-childrens-photography-projects","status":"publish","type":"post","link":"https:\/\/andanafoto.com\/en\/andana-pioneering-childrens-photography-projects\/","title":{"rendered":"ANDANA: Pioneering Children&#8217;s Photography Projects"},"content":{"rendered":"<div class=\"wpb-content-wrapper\"><p>[vc_row][vc_column][vc_column_text]<a class=\"dt-single-image\" href=\"https:\/\/andanafoto.com\/wp-content\/uploads\/2016\/12\/ANDANAfoto-ruzafa-loves-kids-10.jpg\" data-dt-img-description=\"\"><img decoding=\"async\" class=\"aligncenter size-large wp-image-37162\" src=\"https:\/\/andanafoto.com\/wp-content\/uploads\/2016\/12\/ANDANAfoto-ruzafa-loves-kids-10-1024x683.jpg\" alt=\"ANDANAfoto en ruzafa loves kids\" width=\"100%\" srcset=\"https:\/\/andanafoto.com\/wp-content\/uploads\/2016\/12\/ANDANAfoto-ruzafa-loves-kids-10-1024x683.jpg 1024w, https:\/\/andanafoto.com\/wp-content\/uploads\/2016\/12\/ANDANAfoto-ruzafa-loves-kids-10-300x200.jpg 300w, https:\/\/andanafoto.com\/wp-content\/uploads\/2016\/12\/ANDANAfoto-ruzafa-loves-kids-10-768x512.jpg 768w, https:\/\/andanafoto.com\/wp-content\/uploads\/2016\/12\/ANDANAfoto-ruzafa-loves-kids-10.jpg 1200w\" sizes=\"(max-width: 1024px) 100vw, 1024px\" \/><\/a><br \/>\n<span style=\"font-size: 12pt; font-family: verdana, geneva, sans-serif;\">Once again, ANDANA takes a step further by designing innovative photography workshops. On April 8, 2017, in Valencia, a group of boys and girls aged 9 to 12 will participate in the <strong>Creative Photography for Beginners workshop<\/strong>.<\/span><\/p>\n<p><span style=\"font-family: verdana, geneva, sans-serif; font-size: 12pt;\">This workshop aims to encourage each participant to use photography as a tool to express themselves and discover the world.<\/span><\/p>\n<p><span style=\"font-family: verdana, geneva, sans-serif; font-size: 12pt;\">With the guidance of psychologist Amparo Mu\u00f1oz and photographers Javier Sancho Boils and Ismael Nadal, participants will learn to observe mindfully, become aware of their gaze, and create their own photographs. In addition, they will carry out exercises to foster their self-knowledge and creativity.<\/span><\/p>\n<p><span style=\"font-family: verdana, geneva, sans-serif; font-size: 12pt;\">Using playful and creative resources and introducing various contemporary photography projects, each participant will develop their own personal photography project, just like contemporary artists, expressing what brings them joy or makes them uneasy through a series of photographs.<\/span><\/p>\n<p>&nbsp;<\/p>\n<p>&nbsp;<\/p>\n<p style=\"text-align: right;\"><span style=\"font-size: 12pt; font-family: verdana,geneva,sans-serif;\">\u201c<em>We propose teaching photography as an opportunity in childhood. Photography allows us to explore, learn, and share our discoveries of the world. Each child will identify what they enjoy photographing and discover that taking pictures is a form of self-discovery. Through images, they will share stories and express everything they find interesting.&#8221;<\/em><\/span><\/p>\n<p><span style=\"font-size: 12pt; font-family: verdana,geneva,sans-serif;\"><br \/>\n<\/span><span style=\"color: #ffffff;\">.<\/span><br \/>\n<span style=\"font-size: 12pt; font-family: verdana,geneva,sans-serif;\">In a collaborative and respectful way, within a safe and supportive environment, they will recognize and create their own images, feeling empowered and courageous.<br \/>\n<\/span><span style=\"color: #ffffff;\">.<\/span><br \/>\n<span style=\"font-size: 12pt; font-family: verdana,geneva,sans-serif;\">ANDANA has previously launched similar workshops in various organizations and educational centers, using photography as a tool for personal growth and development. <\/span><\/p>\n<p>&nbsp;<\/p>\n<h3><span style=\"font-size: 12pt; font-family: verdana,geneva,sans-serif;\">Learn more<\/span><\/h3>\n<p><a href=\"https:\/\/andanafoto.com\/en\/photography-and-school\/\">Photography and School<\/a><\/p>\n<p><a href=\"https:\/\/andanafoto.com\/en\/how-to-use-neuroeducation-to-teach-photography\/\">How to Use Neuroeducation to Teach Photography<\/a><\/p>\n<p><a href=\"https:\/\/andanafoto.com\/en\/support-your-son-or-daughter-on-their-instagram-journey\/\" target=\"_blank\" rel=\"noopener\">Support Your Son or Daughter on Their Instagram Journey<\/a><\/p>\n<p><a href=\"https:\/\/andanafoto.com\/en\/photography-workshop-for-youth\/\" target=\"_blank\" rel=\"noopener\">Photography Workshop for Youth<\/a><\/p>\n<p>[\/vc_column_text][\/vc_column][\/vc_row][vc_row type=&#8221;vc_default&#8221; full_width=&#8221;stretch_row&#8221; css=&#8221;.vc_custom_1632402016608{padding-top: 40px !important;padding-bottom: 30px !important;}&#8221;][vc_column][vc_row_inner][vc_column_inner width=&#8221;2\/12&#8243; css=&#8221;.vc_custom_1629968408906{background-position: center !important;background-repeat: no-repeat !important;background-size: contain !important;}&#8221;][vc_single_image image=&#8221;60497&#8243; img_size=&#8221;full&#8221; alignment=&#8221;center&#8221; onclick=&#8221;custom_link&#8221; css=&#8221;&#8221; link=&#8221;https:\/\/andanafoto.com\/en\/specialization-course-on-leading-photography-workshops-for-children-and-youth\/&#8221;][vc_empty_space height=&#8221;20&#8243;][\/vc_column_inner][vc_column_inner width=&#8221;10\/12&#8243;][vc_column_text css=&#8221;&#8221;]<\/p>\n<h3><span style=\"color: #273050;\"><a style=\"color: #273050;\" href=\"https:\/\/andanafoto.com\/en\/specialization-course-on-leading-photography-workshops-for-children-and-youth\/\">ONLINE SPECIALIZATION COURSE ON LEADING PHOTOGRAPHY WORKSHOPS FOR CHILDREN AND YOUTH<\/a><\/span><\/h3>\n<p>[\/vc_column_text]<div id=\"ultimate-heading-64669edf247e2e51\" class=\"uvc-heading ult-adjust-bottom-margin ultimate-heading-64669edf247e2e51 uvc-1199  uvc-heading-default-font-sizes\" data-hspacer=\"line_only\"  data-halign=\"left\" style=\"text-align:left\"><div class=\"uvc-heading-spacer line_only\" style=\"topheight:1px;\"><span class=\"uvc-headings-line\" style=\"border-style:solid;border-bottom-width:1px;border-color:#618a96;width:autopx;\"><\/span><\/div><div class=\"uvc-sub-heading ult-responsive\"  data-ultimate-target='.uvc-heading.ultimate-heading-64669edf247e2e51 .uvc-sub-heading '  data-responsive-json-new='{\"font-size\":\"\",\"line-height\":\"desktop:21px;\"}'  style=\"font-weight:normal;color:#273050;margin-top:10px;\">This course includes all the necessary tools to lead photography workshops for children and youth, including theoretical and practical content, inspiration, and activities.<\/div><\/div>[vc_empty_space height=&#8221;5&#8243;]<style type=\"text\/css\" data-type=\"the7_shortcodes-inline-css\">#default-btn-14fa9a89a4b6e978daf417823ed58e4e.ico-right-side > i {\n  margin-right: 0px;\n  margin-left: 8px;\n}\n#default-btn-14fa9a89a4b6e978daf417823ed58e4e > i {\n  margin-right: 8px;\n}<\/style><div class=\"btn-align-left\"><a href=\"https:\/\/andanafoto.com\/en\/specialization-course-on-leading-photography-workshops-for-children-and-youth\/\" class=\"default-btn-shortcode dt-btn dt-btn-s link-hover-off  vc_custom_1738065613745\" id=\"default-btn-14fa9a89a4b6e978daf417823ed58e4e\" title=\"PHOTOGRAPHY TO GET TO KNOW YOURSELF\"><span>Read more<\/span><\/a><\/div>[vc_empty_space height=&#8221;20&#8243;][\/vc_column_inner][\/vc_row_inner][vc_empty_space][vc_column_text css=&#8221;&#8221;]<div class=\"wpcp\"><style>\r\n  \/* Estilos por idioma *\/\r\n  :lang(es) .texto-es {\r\n    display: block;\r\n  }\r\n  :lang(es) .texto-en {\r\n    display: none;\r\n  }\r\n  :lang(en) .texto-es {\r\n    display: none;\r\n  }\r\n  :lang(en) .texto-en {\r\n    display: block;\r\n  }\r\n<\/style>\r\n\r\n<!-- Texto en espa\u00f1ol -->\r\n<div class=\"texto-es\">\r\n  <p><svg xmlns=\"http:\/\/www.w3.org\/2000\/svg\" height=\"20\" width=\"17.5\" viewBox=\"0 0 448 512\"><path fill=\"#618a96\" d=\"M448 296c0 66.3-53.7 120-120 120l-8 0c-17.7 0-32-14.3-32-32s14.3-32 32-32l8 0c30.9 0 56-25.1 56-56l0-8-64 0c-35.3 0-64-28.7-64-64l0-64c0-35.3 28.7-64 64-64l64 0c35.3 0 64 28.7 64 64l0 32 0 32 0 72zm-256 0c0 66.3-53.7 120-120 120l-8 0c-17.7 0-32-14.3-32-32s14.3-32 32-32l8 0c30.9 0 56-25.1 56-56l0-8-64 0c-35.3 0-64-28.7-64-64l0-64c0-35.3 28.7-64 64-64l64 0c35.3 0 64 28.7 64 64l0 32 0 32 0 72z\" \/><\/svg>  <strong><span style=\"color: #618a96\">C\u00f3mo citar este art\u00edculo<\/span><\/strong><br>\r\n<br>\r\nAl citar, reconoces el trabajo original, evitas problemas de plagio y permites acceder a las fuentes originales para obtener m\u00e1s informaci\u00f3n o verificar datos. Aseg\u00farate siempre de dar cr\u00e9dito y de citar de forma adecuada.\r\n<\/p>\r\n<\/div>\r\n<!-- Texto en ingl\u00e9s -->\r\n<div class=\"texto-en\">\r\n  <p><svg xmlns=\"http:\/\/www.w3.org\/2000\/svg\" height=\"20\" width=\"17.5\" viewBox=\"0 0 448 512\"><path fill=\"#618a96\" d=\"M448 296c0 66.3-53.7 120-120 120l-8 0c-17.7 0-32-14.3-32-32s14.3-32 32-32l8 0c30.9 0 56-25.1 56-56l0-8-64 0c-35.3 0-64-28.7-64-64l0-64c0-35.3 28.7-64 64-64l64 0c35.3 0 64 28.7 64 64l0 32 0 32 0 72zm-256 0c0 66.3-53.7 120-120 120l-8 0c-17.7 0-32-14.3-32-32s14.3-32 32-32l8 0c30.9 0 56-25.1 56-56l0-8-64 0c-35.3 0-64-28.7-64-64l0-64c0-35.3 28.7-64 64-64l64 0c35.3 0 64 28.7 64 64l0 32 0 32 0 72z\" \/><\/svg>  <strong><span style=\"color: #618a96\">How to cite this article<\/span><\/strong><br>\r\n<br>\r\nBy citing an article, you acknowledge the original work, avoid plagiarism issues, and allow access to the original sources for further information or data verification. Make sure to always give credit and cite appropriately.\r\n<\/p>\r\n<\/div>\r\n<br>\r\nANDANAfoto. (March 28, 2017). \"ANDANA: Pioneering Children&#8217;s Photography Projects\". ANDANAfoto.com. | <a href=\"https:\/\/andanafoto.com\/en\/andana-pioneering-childrens-photography-projects\/\">https:\/\/andanafoto.com\/en\/andana-pioneering-childrens-photography-projects\/<\/a>.\r\n<\/div>[\/vc_column_text][\/vc_column][\/vc_row]<\/p>\n<\/div>","protected":false},"excerpt":{"rendered":"<p>Using playful and creative resources and introducing various contemporary photography projects, each participant will develop their own personal photography project, just like contemporary artists, expressing what brings them joy or makes them uneasy through a series of photographs.<\/p>\n","protected":false},"author":1,"featured_media":44868,"comment_status":"open","ping_status":"closed","sticky":false,"template":"template-microsite.php","format":"standard","meta":{"episode_type":"","audio_file":"","podmotor_file_id":"","podmotor_episode_id":"","cover_image":"","cover_image_id":"","duration":"","filesize":"","filesize_raw":"","date_recorded":"","explicit":"","block":"","itunes_episode_number":"","itunes_title":"","itunes_season_number":"","itunes_episode_type":"","footnotes":""},"categories":[484,489],"tags":[],"class_list":["post-60508","post","type-post","status-publish","format-standard","has-post-thumbnail","hentry","category-child-and-youth-photography","category-photographic-project","category-484","category-489","description-off"],"_links":{"self":[{"href":"https:\/\/andanafoto.com\/en\/wp-json\/wp\/v2\/posts\/60508","targetHints":{"allow":["GET"]}}],"collection":[{"href":"https:\/\/andanafoto.com\/en\/wp-json\/wp\/v2\/posts"}],"about":[{"href":"https:\/\/andanafoto.com\/en\/wp-json\/wp\/v2\/types\/post"}],"author":[{"embeddable":true,"href":"https:\/\/andanafoto.com\/en\/wp-json\/wp\/v2\/users\/1"}],"replies":[{"embeddable":true,"href":"https:\/\/andanafoto.com\/en\/wp-json\/wp\/v2\/comments?post=60508"}],"version-history":[{"count":10,"href":"https:\/\/andanafoto.com\/en\/wp-json\/wp\/v2\/posts\/60508\/revisions"}],"predecessor-version":[{"id":60510,"href":"https:\/\/andanafoto.com\/en\/wp-json\/wp\/v2\/posts\/60508\/revisions\/60510"}],"wp:featuredmedia":[{"embeddable":true,"href":"https:\/\/andanafoto.com\/en\/wp-json\/wp\/v2\/media\/44868"}],"wp:attachment":[{"href":"https:\/\/andanafoto.com\/en\/wp-json\/wp\/v2\/media?parent=60508"}],"wp:term":[{"taxonomy":"category","embeddable":true,"href":"https:\/\/andanafoto.com\/en\/wp-json\/wp\/v2\/categories?post=60508"},{"taxonomy":"post_tag","embeddable":true,"href":"https:\/\/andanafoto.com\/en\/wp-json\/wp\/v2\/tags?post=60508"}],"curies":[{"name":"wp","href":"https:\/\/api.w.org\/{rel}","templated":true}]}}